{"id":5039,"date":"2016-06-07T08:08:57","date_gmt":"2016-06-07T07:08:57","guid":{"rendered":"http:\/\/www.sihz.hr\/?p=5039"},"modified":"2016-06-07T08:08:57","modified_gmt":"2016-06-07T07:08:57","slug":"06-06-2016-pismo-nhs-a-ministrici-rada-i-mirovinskog-sustava","status":"publish","type":"post","link":"https:\/\/sihz.hr\/?p=5039","title":{"rendered":"06.06.2016. &#8211; Pismo NHS-a ministrici rada i mirovinskog sustava"},"content":{"rendered":"<p style=\"text-align: justify;\">Nakon otkazivanja za danas najavljene sjednice Gospodarsko-socijalnog vije\u0107a (GSV) NHS je ministrici rada i mirovinskog sustava uputio otvoreno pismo, \u010diji sadr\u017eaj u cijelosti prenosimo:<\/p>\n<p><em>Nakon svih doga\u0111anja u Vladi RH, ne samo proteklih dana, nego i tjedana i mjeseci, dana\u0161nje otkazivanje za danas najavljene sjednice GSV-a, \u010detrdesetak minuta prije njenog po\u010detka, jasno pokazuje da ova vlada ne samo da vi\u0161e nije u stanju funkcionirati kao tijelo, nego nije u stanju niti \u201eskucati\u201c barem \u010detvero ministara ili njihovih zamjena da bi osigurala kvorum za odr\u017eavanje zakazane sjednice GSV-a.<\/em><\/p>\n<p><em>Gospodarsko-socijalno vije\u0107e trostrano je tijelo u kojemu sudjeluju 4 predstavnika reprezentativnih sindikalnih sredi\u0161njica, 4 predstavnika HUP-a i 6 predstavnika Vlade RH. Svaki \u010dlan ima svoju zamjenu, a vlade su i do sada (pre)\u010desto koristile mogu\u0107nost sudjelovanja zamjena \u010dlanova na sjednicama GSV-a. Za pravovaljano odr\u017eavanje sjednice GSV-a potrebno je osigurati kvorum koji \u010dini natpolovi\u010dna ve\u0107ina \u010dlanova svake strane (3 &#8211; sindikati, 3 &#8211; poslodavci i 4 &#8211; vlada).<\/em><\/p>\n<p style=\"text-align: justify;\"><em>Dana\u0161nja otkazana sjednica trebala se odr\u017eati 30. svibnja, no pomaknuta je na 6. lipnja, o \u010demu su svi \u010dlanovi GSV-a temeljem Poslovnika o radu GSV-a na vrijeme obavije\u0161teni. Otkazivanje sjednice GSV-a 40 minuta prije njenog po\u010detka samo pokazuje kako Vladi RH do socijalnog dijaloga uop\u0107e nije stalo, ve\u0107 je orijentirana isklju\u010divo na ostanak na vlasti, jer kako ina\u010de objasniti da za sjednicu nije mogla osigurati \u010dak ni zamjene (na \u0161to su se sindikati i poslodavci ve\u0107 naviknuli).<\/em><\/p>\n<p style=\"text-align: justify;\"><em>Smatramo kako je i va\u017enost tema dana\u0161nje sjednice GSV-a trebala Vladi biti dovoljan poticaj da osigura potreban kvorum za odr\u017eavanje sjednice. Ili joj to u ovoj situaciji vi\u0161e nije nimalo va\u017eno? Ali bi bilo korektno da onda o tome izvijesti socijalne partnere. No, kad ni taj kvorum nije bila u stanju osigurati, s pravom se otvara pitanje za \u0161to jo\u0161 uop\u0107e ova vlada mo\u017ee osigurati kvorum!?<\/em><\/p>\n<p style=\"text-align: right;\"><em><\/em>Predsjednik<br \/>\nKre\u0161imir Sever<\/p>\n\n","protected":false},"excerpt":{"rendered":"<p>Nakon otkazivanja za danas najavljene sjednice Gospodarsko-socijalnog vije\u0107a (GSV) NHS je ministrici rada i mirovinskog sustava uputio otvoreno pismo, \u010diji sadr\u017eaj u cijelosti prenosimo: Nakon svih doga\u0111anja u Vladi RH, ne samo proteklih dana, nego i tjedana i mjeseci, dana\u0161nje otkazivanje za danas najavljene sjednice GSV-a, \u010detrdesetak minuta prije njenog po\u010detka, jasno pokazuje da ova [&hellip;]<\/p>\n","protected":false},"author":2,"featured_media":0,"comment_status":"closed","ping_status":"closed","sticky":false,"template":"","format":"standard","meta":{"_links_to":"","_links_to_target":""},"categories":[22],"tags":[32],"_links":{"self":[{"href":"https:\/\/sihz.hr\/index.php?rest_route=\/wp\/v2\/posts\/5039"}],"collection":[{"href":"https:\/\/sihz.hr\/index.php?rest_route=\/wp\/v2\/posts"}],"about":[{"href":"https:\/\/sihz.hr\/index.php?rest_route=\/wp\/v2\/types\/post"}],"author":[{"embeddable":true,"href":"https:\/\/sihz.hr\/index.php?rest_route=\/wp\/v2\/users\/2"}],"replies":[{"embeddable":true,"href":"https:\/\/sihz.hr\/index.php?rest_route=%2Fwp%2Fv2%2Fcomments&post=5039"}],"version-history":[{"count":1,"href":"https:\/\/sihz.hr\/index.php?rest_route=\/wp\/v2\/posts\/5039\/revisions"}],"predecessor-version":[{"id":5040,"href":"https:\/\/sihz.hr\/index.php?rest_route=\/wp\/v2\/posts\/5039\/revisions\/5040"}],"wp:attachment":[{"href":"https:\/\/sihz.hr\/index.php?rest_route=%2Fwp%2Fv2%2Fmedia&parent=5039"}],"wp:term":[{"taxonomy":"category","embeddable":true,"href":"https:\/\/sihz.hr\/index.php?rest_route=%2Fwp%2Fv2%2Fcategories&post=5039"},{"taxonomy":"post_tag","embeddable":true,"href":"https:\/\/sihz.hr\/index.php?rest_route=%2Fwp%2Fv2%2Ftags&post=5039"}],"curies":[{"name":"wp","href":"https:\/\/api.w.org\/{rel}","templated":true}]}}