{"id":5024,"date":"2016-06-04T16:09:58","date_gmt":"2016-06-04T15:09:58","guid":{"rendered":"http:\/\/www.sihz.hr\/?p=5024"},"modified":"2016-06-04T16:09:58","modified_gmt":"2016-06-04T15:09:58","slug":"03-06-2016-sastanak-reprezentativnih-sindikata-i-nove-uprave-hz-infrastrukture-d-o-o","status":"publish","type":"post","link":"https:\/\/sihz.hr\/?p=5024","title":{"rendered":"03.06.2016. &#8211; Sastanak reprezentativnih sindikata i nove Uprave H\u017d infrastrukture d.o.o."},"content":{"rendered":"<p style=\"text-align: justify;\">Danas je odr\u017ean prvi sastanak predstavnika reprezentativnih sindikata (S\u017dH, SPVH i SIH\u017d) s pravom na kolektivno pregovaranje s novim \u010dlanom Uprave g. Ivanom Kr\u0161i\u0107em.<\/p>\n<p style=\"text-align: justify;\">Nakon prethodnog upoznavanja od strane g. Kr\u0161i\u0107a zamoljeni smo da ukratko navedemo i klju\u010dne probleme, koje mi vidimo da bi se odmah trebali po\u010deti rje\u0161avati.<\/p>\n<p style=\"text-align: justify;\">Sindikati su kao osnovni problem naveli potrebu hitnog nastavka kolektivnih pregovora i zaklju\u010divanje kolektivnog ugovora. Po tom pitanju izvje\u0161teni smo da \u0107e se u \u0161to kra\u0107em vremenu imenovati novi pregovara\u010dki odbor poslodavca kako bi se \u0161to prije otpo\u010deli kolektivni pregovori.<\/p>\n<p style=\"text-align: justify;\">S na\u0161e strane prezentiran je i problem rje\u0161avanja statusa dru\u0161tva Pru\u017enih gra\u0111evina d.o.o. i omogu\u0107avanje nastavka funkcioniranja toga dru\u0161tva. Prezentirali smo i ve\u0107 prije poduzete aktivnosti sindikata po tom pitanju, i ponovili otvoreno pitanje rje\u0161avanja izdvojenog dijela odr\u017eavanja iz H\u017d Infrastrukture d.o.o.. Posebno smo apostrofirali pitanje omogu\u0107avanja sudjelovanja toga dru\u0161tva na natje\u010dajima i projektima koji se financiraju iz EU fondova. Upoznati smo da su ve\u0107 zapo\u010deti i razgovori po svim pitanjima naprijed navedenim za Pru\u017ene gra\u0111evine d.o.o., u resornom Ministarstvu.<\/p>\n<p style=\"text-align: justify;\">SIH\u017d je istakao, a drugi sindikati su to podr\u017eali i jedan od klju\u010dnih problema koji je naveden za hitno rje\u0161avanje, po nama nezakonitih otkaza radnicima Nekretnina, gdje smo dobili obe\u0107anje da \u0107e ti radnici biti pozvani na razgovor sljede\u0107i tjedan , te da \u0107e se revidirati svi predmeti konkretnih izvanrednih otkaza ugovora o radu radnicima , kao i da \u0107e se po tom pitanju zatra\u017eiti i dodatno pravno mi\u0161ljenje.<\/p>\n<p style=\"text-align: justify;\">Tako\u0111er su se sa sindikalne strane napomenuli i problemi oko Zagreb Ran\u017eirnog kolodvora, najave novoga Pravilnika o organizaciji, neutemeljene odluke biv\u0161e Uprave dru\u0161tva o reguliranju pitanja pripravnosti i pozivanju radnika na rad izvan radnog vremena.<br \/>\nZajedni\u010dki su sve strane konstatirale da \u0107e se u budu\u0107nosti svakako ovakvi sastanci trebati \u0161to \u010de\u0161\u0107e odr\u017eavati i da se treba \u0161to prije zapo\u010deti sa rje\u0161avanjem nastalih problema, koji su \u0161to je o\u010dito mnogobrojni.<\/p>\n<p style=\"text-align: justify;\">Sindikati su zamoljeni da dostave i pisanim putem popis svih otvorenih pitanja, za koja smatramo da ih je potrebno \u0161to prije rje\u0161avati kao i svoje prijedloge , a u cilju pobolj\u0161anja funkcioniranja sustava.<\/p>\n\n","protected":false},"excerpt":{"rendered":"<p>Danas je odr\u017ean prvi sastanak predstavnika reprezentativnih sindikata (S\u017dH, SPVH i SIH\u017d) s pravom na kolektivno pregovaranje s novim \u010dlanom Uprave g. Ivanom Kr\u0161i\u0107em. Nakon prethodnog upoznavanja od strane g. Kr\u0161i\u0107a zamoljeni smo da ukratko navedemo i klju\u010dne probleme, koje mi vidimo da bi se odmah trebali po\u010deti rje\u0161avati. Sindikati su kao osnovni problem naveli [&hellip;]<\/p>\n","protected":false},"author":2,"featured_media":0,"comment_status":"closed","ping_status":"closed","sticky":false,"template":"","format":"standard","meta":{"_links_to":"","_links_to_target":""},"categories":[22],"tags":[32],"_links":{"self":[{"href":"https:\/\/sihz.hr\/index.php?rest_route=\/wp\/v2\/posts\/5024"}],"collection":[{"href":"https:\/\/sihz.hr\/index.php?rest_route=\/wp\/v2\/posts"}],"about":[{"href":"https:\/\/sihz.hr\/index.php?rest_route=\/wp\/v2\/types\/post"}],"author":[{"embeddable":true,"href":"https:\/\/sihz.hr\/index.php?rest_route=\/wp\/v2\/users\/2"}],"replies":[{"embeddable":true,"href":"https:\/\/sihz.hr\/index.php?rest_route=%2Fwp%2Fv2%2Fcomments&post=5024"}],"version-history":[{"count":1,"href":"https:\/\/sihz.hr\/index.php?rest_route=\/wp\/v2\/posts\/5024\/revisions"}],"predecessor-version":[{"id":5025,"href":"https:\/\/sihz.hr\/index.php?rest_route=\/wp\/v2\/posts\/5024\/revisions\/5025"}],"wp:attachment":[{"href":"https:\/\/sihz.hr\/index.php?rest_route=%2Fwp%2Fv2%2Fmedia&parent=5024"}],"wp:term":[{"taxonomy":"category","embeddable":true,"href":"https:\/\/sihz.hr\/index.php?rest_route=%2Fwp%2Fv2%2Fcategories&post=5024"},{"taxonomy":"post_tag","embeddable":true,"href":"https:\/\/sihz.hr\/index.php?rest_route=%2Fwp%2Fv2%2Ftags&post=5024"}],"curies":[{"name":"wp","href":"https:\/\/api.w.org\/{rel}","templated":true}]}}