{"id":4972,"date":"2016-05-13T15:31:41","date_gmt":"2016-05-13T14:31:41","guid":{"rendered":"http:\/\/www.sihz.hr\/?p=4972"},"modified":"2016-05-13T15:32:37","modified_gmt":"2016-05-13T14:32:37","slug":"13-05-2016-dopis-predsjedniku-vlade-rh","status":"publish","type":"post","link":"https:\/\/sihz.hr\/?p=4972","title":{"rendered":"13.05.2016. &#8211; Pismo predsjedniku Vlade RH"},"content":{"rendered":"<p>Po\u0161tovani gospodine Ore\u0161kovi\u0107u,<\/p>\n<p style=\"text-align: justify;\">iako smo nakon najava kako \u0107e Vlada RH donijeti izmjene i dopune Odluke o utvr\u0111ivanju popisa trgova\u010dkih dru\u0161tava i drugih pravnih osoba od strate\u0161kog i posebnog interesa za Republiku Hrvatsku bili svjesni da \u0107e te izmjene Vlada napraviti kako bi s postoje\u0107eg popisa \u201eskinula\u201c neke tvrtke i tako stvorila uvjete za njihovu prodaju, ipak smo \u017eeljeli vjerovati kako se to ne\u0107e dogoditi bez jedne cjelovite javne rasprave i rasprave u Hrvatskom saboru. Rije\u010d je o vrijednoj narodnoj imovini koja ima ne samo financijsku vrijednost nego i financijski te\u0161ko mjerljivu, ali itekako visoku strate\u0161ku vrijednost i predstavlja imovinu od posebnog interesa. Za koga? Naravno, prvenstveno za narod \u010dija je to imovina i \u010dije su je generacije stvarale. Politi\u010dke elite na vlasti od naroda na izborima osim \u010dasti obna\u0161anja vlasti, \u0161to podrazumijeva odgovorno i predano slu\u017eenje tom istom narodu i njegovim interesima, dobivaju \u201eu paketu\u201c i odgovornost upravljanja vrijednom dr\u017eavnom, narodnom imovinom.<\/p>\n<p style=\"text-align: justify;\">Odgovorno obna\u0161anje vlasti nespojivo je s pona\u0161anjem vlasti kao \u010dvrstog vlastodr\u0161ca koji vlada u ime naroda, a da narod i ne pita. Iako je jasno kako je, za najve\u0107i dio onoga \u0161to radi, vlast pitala narod na izborima, a na temelju programa s kojim je prije izbora upoznala narod i narod joj je dao potporu pa vi\u0161e ne mora \u201eba\u0161 za sve\u201c propitivati volju naroda, to ne zna\u010di da ga ne mora pitati i za ono \u0161to prije izbora nije obe\u0107avala i najavljivala. (Ras)prodaja narodne imovine sigurno je ne\u0161to za \u0161to Vlada mora pitati narod i narodne zastupnike u Hrvatskom saboru.<\/p>\n<p style=\"text-align: justify;\">U uvjetima u kojima je ova vlast ve\u0107 mjesecima zabavljana sobom i svojim unutarnjim neslaganjem i nesuglasicama te zamara gra\u0111ane javnim pranjem svojeg prljavog rublja i tako upoznaje javnost sa ve\u0107inom svojih \u201eintimnosti\u201c, istovremeno zaprepa\u0161\u0107uje kako lako, telefonom, na telefonskoj sjednici, donosi odluku o brisanju nekih tvrtki sa popisa tvrtki od strate\u0161kog i posebnog interesa za Republiku Hrvatsku. Ako se mo\u017eda netko i \u201ezaletio\u201c i u nekom trenutku \u201eushi\u0107enja\u201c dao neko obe\u0107anje nekom od zainteresiranih mogu\u0107ih kupaca i ulaga\u010da ipak je, kad je rije\u010d o navedenoj imovini svrstanoj na popis one od \u201estrate\u0161kog i posebnog interesa za RH\u201c, potrebno napraviti puno vi\u0161e od telefonske sjednice vlade i \u201etelefonske odluke\u201c. Mo\u017eda se na cjelovitom popisu te imovine i nalazi neka koja iz nekog razloga za gra\u0111ane RH vi\u0161e ne predstavlja imovinu od strate\u0161kog i posebnog interesa, ali onda to treba pitati vlasnike te imovine i njihove zastupnike u Hrvatskom saboru.<\/p>\n<p style=\"text-align: justify;\">A ne mo\u017ee i ne smije o tome u ime vlasnika, a bez da ga prethodno pita, Vlada donijeti odluku telefonom, samo da \u0161to prije popuni crnu prora\u010dunsku rupu. Ako za ovu Vladu ACI d.d., Opatija, Croatia Airlines d.d., Zagreb, Luka Rijeka d.d., Rijeka, Croatia banka d.d. Zagreb, Petrokemija d.d., Kutina, Kon\u010dar elektroindustrija d.d., Zagreb, Podravka d.d., Koprivnica i Croatia osiguranje d.d., Zagreb vi\u0161e nisu tvrtke od strate\u0161kog i posebnog interesa za RH (neovisno o visini udjela koje RH ima u njihovoj vlasni\u010dkoj strukturi), mo\u017eda narod i njegovi zastupnici u Hrvatskome saboru ipak misle druk\u010dije od Vlade RH?! Pitajte ih. Du\u017eni ste ih to pitati.<\/p>\n<p style=\"text-align: justify;\">Po\u0161tovani gospodine Ore\u0161kovi\u0107u, \u017eelimo Vas podsjetiti i na Va\u0161u izjavu koju ste dali na novinarski upit i koju su mediji prenijeli, a vezanu uz prodaju tvrtke ACI d.d., Opatija. Na pitanje je li u razgovoru sa turskim poslovnim ljudima koji su bili u posjetu Hrvatskoj bilo rije\u010di i o prodaji ACI marina, mediji su prenijeli Va\u0161 jasan i nedvojben odgovor kako <strong>\u201enije bilo konkretnih razgovora o tome\u201c,<\/strong> ali da je <strong>\u201eACI za ovu vladu strate\u0161ka tvrtka\u201c<\/strong> i da se <strong>\u201ene razmi\u0161lja o njenoj privatizaciji\u201c. <\/strong><\/p>\n<p style=\"text-align: justify;\">Kako Vlada RH u samo nekoliko dana radi takav zaokret u vlastitom \u201erazmi\u0161ljanju\u201c? Ako se tako krene rasprodavati ono \u0161to smo ba\u0161tinili od generacija prije nas i \u0161to smo i sami stvorili, razvijali i \u010duvali, \u0161to \u0107e na\u0161a djeca i unuci ba\u0161tiniti od nas? \u0160to \u0107emo njima ostaviti? Pjesnik je rekao \u201egdje ja stadoh, ti \u0107e\u0161 po\u0107i\u201c. Ako se tako krene rasprodavati od \u010dega \u0107e po\u0107i na\u0161a djeca i unuci? Zar trebaju opet krenuti ispo\u010detka? Du\u017eni ste, ne samo zbog nas nego i zbog generacija koje dolaze, o popisu imovine od strate\u0161kog i posebnog interesa za Republiku Hrvatsku pitati njene vlasnike. Kako bi postupio vlasnik stana koji je stan iznajmio podstanaru, a ovaj, umjesto da uz pla\u0107anje najamnine tim stanom \u201eupravlja na\u010delom dobrog i odgovornog doma\u0107ina\u201c, odlu\u010di taj stan prodati bez obzira \u0161to nema to pravo bez da ga vlasnik za to ovlasti?!<\/p>\n<p style=\"text-align: justify;\">Jasno je kako ni vlada RH svoje na izborima ste\u010deno pravo na odgovorno upravljanje narodnom imovinom nema ovlasti tuma\u010diti kao svoje ekskluzivno pravo prodaje te imovine, a bez da je za to ovlaste izvorni vlasnici imovine.<\/p>\n<p style=\"text-align: justify;\">Bez obzira \u0161to ste ju\u010der, suo\u010deni s burnim reakcija javnosti, na hitno sazvanoj konferenciji za novinare rekli kako u prodaju ne idu sve tvrtke skinute s popisa, ve\u0107 ste pobrojali samo neke, to ne zna\u010di da i ostale tvrtke skinute s popisa ne\u0107e \u201edo\u0107i na red\u201c.<\/p>\n<p style=\"text-align: justify;\">Zato tra\u017eimo da zaustavite zapo\u010dete procese pripreme te imovine za prodaju i o tome prethodno provedete \u0161iroku javnu raspravu, a nakon nje i raspravu u Hrvatskome saboru.<\/p>\n<p style=\"text-align: justify;\"><strong>Tra\u017eimo i da se sastavljanje popisa trgova\u010dkih dru\u0161tava i drugih pravnih osoba od strate\u0161kog i posebnog interesa za RH izuzme iz vladinih ovlasti i prenese u ovlasti Hrvatskog sabora. <\/strong><\/p>\n<p style=\"text-align: justify;\">Imajte pri tome na umu krilaticu koja nas je pozivala na \u010duvanje na\u0161ih \u0161uma od po\u017eara \u2013 <strong>trenutak nepa\u017enje, a godine i godine te\u0161kih posljedica<\/strong>. Nemojte da i ovo bude jedan trenutak takve nepa\u017enje!<\/p>\n<p>S po\u0161tovanjem<\/p>\n<p style=\"text-align: right;\" align=\"center\"><strong><em>Predsjednik<br \/>\n<\/em><\/strong><em>Kre\u0161imir Sever<\/em><\/p>\n\n","protected":false},"excerpt":{"rendered":"<p>Po\u0161tovani gospodine Ore\u0161kovi\u0107u, iako smo nakon najava kako \u0107e Vlada RH donijeti izmjene i dopune Odluke o utvr\u0111ivanju popisa trgova\u010dkih dru\u0161tava i drugih pravnih osoba od strate\u0161kog i posebnog interesa za Republiku Hrvatsku bili svjesni da \u0107e te izmjene Vlada napraviti kako bi s postoje\u0107eg popisa \u201eskinula\u201c neke tvrtke i tako stvorila uvjete za njihovu [&hellip;]<\/p>\n","protected":false},"author":2,"featured_media":0,"comment_status":"closed","ping_status":"closed","sticky":false,"template":"","format":"standard","meta":{"_links_to":"","_links_to_target":""},"categories":[22],"tags":[32],"_links":{"self":[{"href":"https:\/\/sihz.hr\/index.php?rest_route=\/wp\/v2\/posts\/4972"}],"collection":[{"href":"https:\/\/sihz.hr\/index.php?rest_route=\/wp\/v2\/posts"}],"about":[{"href":"https:\/\/sihz.hr\/index.php?rest_route=\/wp\/v2\/types\/post"}],"author":[{"embeddable":true,"href":"https:\/\/sihz.hr\/index.php?rest_route=\/wp\/v2\/users\/2"}],"replies":[{"embeddable":true,"href":"https:\/\/sihz.hr\/index.php?rest_route=%2Fwp%2Fv2%2Fcomments&post=4972"}],"version-history":[{"count":3,"href":"https:\/\/sihz.hr\/index.php?rest_route=\/wp\/v2\/posts\/4972\/revisions"}],"predecessor-version":[{"id":4975,"href":"https:\/\/sihz.hr\/index.php?rest_route=\/wp\/v2\/posts\/4972\/revisions\/4975"}],"wp:attachment":[{"href":"https:\/\/sihz.hr\/index.php?rest_route=%2Fwp%2Fv2%2Fmedia&parent=4972"}],"wp:term":[{"taxonomy":"category","embeddable":true,"href":"https:\/\/sihz.hr\/index.php?rest_route=%2Fwp%2Fv2%2Fcategories&post=4972"},{"taxonomy":"post_tag","embeddable":true,"href":"https:\/\/sihz.hr\/index.php?rest_route=%2Fwp%2Fv2%2Ftags&post=4972"}],"curies":[{"name":"wp","href":"https:\/\/api.w.org\/{rel}","templated":true}]}}