{"id":4970,"date":"2016-05-13T15:22:01","date_gmt":"2016-05-13T14:22:01","guid":{"rendered":"http:\/\/www.sihz.hr\/?p=4970"},"modified":"2016-05-13T15:22:01","modified_gmt":"2016-05-13T14:22:01","slug":"13-05-2016-sever-kao-sto-je-vlada-legla-pred-zahtjevima-europske-komisije-tako-ce-i-pred-mmf-om","status":"publish","type":"post","link":"https:\/\/sihz.hr\/?p=4970","title":{"rendered":"13.05.2016. &#8211; Sever: Kao \u0161to je Vlada legla pred zahtjevima Europske komisije, tako \u0107e i pred MMF-om"},"content":{"rendered":"<p style=\"text-align: justify;\">Koliko god se MMF trudio napraviti \u00bbface lifting\u00ab, ja im ne vjerujem jer vuk dlaku mijenja, ali \u0107ud nikada, veli Kre\u0161imir Sever, predsjednik HNS-a, dodaju\u0107i kako MMF i dalje vodi liberalno juri\u0161ni\u010dku politiku.<\/p>\n<p style=\"text-align: justify;\">Me\u0111unarodni monetarni fond (MMF) ve\u0107 se neko vrijeme trudi prikazati daleko socijalnijom organizacijom no \u0161to je to godinama bila, pa \u0107e tako i neizravno u svojim dokumentima priznati da su grije\u0161ili u preporukama deregulacije tr\u017ei\u0161ta rada i socijalnih naknada u zemljama s visokom nezaposleno\u0161\u0107u.<\/p>\n<p style=\"text-align: justify;\">Jo\u0161 je lani, u svoja dva dokumenta ta institucija priznala da fleksibilniji radni odnosi nemaju zna\u010dajan u\u010dinak na produktivnost. Istodobno je i ta organizacija priznala kako dereguliranje tr\u017ei\u0161ta rada i socijalnih davanja za posljedicu ima rast nejednakosti u dru\u0161tvu. Kao i MMF, tako je i Svjetska banka priznala da u mnogim slu\u010dajevim radno-zakonodavna regulativa ima bezna\u010dajan ili skroman utjecaj na razinu zaposlenosti.<\/p>\n<p style=\"text-align: justify;\">No, koliko god se s jedne strane MMF nastojao prikazati socijalnijom institucijom, tu svoju socijalnu notu u preporukama konkretnim dr\u017eavama ne svjedo\u010di. To je vidljivo i na primjeru Hrvatske i najnovijoj zavr\u0161noj izjavi Misije MMF-a u kojoj se opet zaziva zakon o povremenim poslovima, izmjene \u00bbrigidnih\u00ab odredbi o otpremninama, zapo\u0161ljavanju i otpu\u0161tanju, \u0161to bi trebalo \u00bbpotaknuti stvaranje radnih mjesta\u00ab. Interesantno je pritom da je, primjerice, preporuka za dono\u0161enjem zakona o povremenim poslovima u verziji izjave na hrvatskom jeziku ubla\u017eena, pa se ka\u017ee da bi bilo va\u017eno smanjiti restriktivnost propisa o privremenom radu.<\/p>\n<p style=\"text-align: justify;\">\u00bbNe mogu re\u0107i da sam iznena\u0111en. Koliko god se MMF trudio napraviti \u00bbface lifting\u00ab, ja im ne vjerujem jer vuk dlaku mijenja, ali \u0107ud nikada\u00ab, veli Kre\u0161imir Sever, predsjednik Hrvatskih nezavisnih sindikata (NHS) dodaju\u0107i kako MMF i dalje vodi liberalno juri\u0161ni\u010dku politiku iako je dokazano da fleksibilizacija radnog zakonodavstva ne pridonosi rastu, ulaganjima, zapo\u0161ljavanju.<\/p>\n<p style=\"text-align: justify;\">\u00bbNesigurni oblici rada, fleksibilnije radno zakonodavstvo, micanje najvi\u0161e stope za oporezivanje dohotka, sve to pogoduje bogatima\u00ab, veli Sever, dodaju\u0107i kako MMF i dalje promi\u010de politiku koja je u vremenime krize pokazala koliko je kriva. I Vladin paket reformi samo je dio te politike. Indikativno mu je pritom da je dio izjave u prijevodu ubla\u017een. Smatra da je to dijelom u\u010dinjeno zbog javnosti, a ako je to to\u010dno, onda Vlada ima namjeru provesti to \u0161to MMF predla\u017ee.<\/p>\n<p style=\"text-align: justify;\">\u00bbBojim se da to jest politika Vlade. I, kako su unaprijed legli pred zahtjevima Europske komisije, tako \u0107e i sada napraviti\u00ab, veli Sever.<\/p>\n<p style=\"text-align: justify; margin: 10px 0 50px 0;\"><em><span style=\"color: #ff0000;\"><a href=\"http:\/\/www.nhs.hr\/novosti\/sever_kao_sto_je_vlada_legla_pred_zahtjevima_europske_komisije_tako_ce_i_pred_mmf-om_38698\/\" target=\"_blank\"><span style=\"color: #ff0000;\"><strong>IZVOR<\/strong><\/span><\/a><\/span><\/em><\/p>\n\n","protected":false},"excerpt":{"rendered":"<p>Koliko god se MMF trudio napraviti \u00bbface lifting\u00ab, ja im ne vjerujem jer vuk dlaku mijenja, ali \u0107ud nikada, veli Kre\u0161imir Sever, predsjednik HNS-a, dodaju\u0107i kako MMF i dalje vodi liberalno juri\u0161ni\u010dku politiku. Me\u0111unarodni monetarni fond (MMF) ve\u0107 se neko vrijeme trudi prikazati daleko socijalnijom organizacijom no \u0161to je to godinama bila, pa \u0107e tako [&hellip;]<\/p>\n","protected":false},"author":2,"featured_media":0,"comment_status":"closed","ping_status":"closed","sticky":false,"template":"","format":"standard","meta":{"_links_to":"","_links_to_target":""},"categories":[22],"tags":[32],"_links":{"self":[{"href":"https:\/\/sihz.hr\/index.php?rest_route=\/wp\/v2\/posts\/4970"}],"collection":[{"href":"https:\/\/sihz.hr\/index.php?rest_route=\/wp\/v2\/posts"}],"about":[{"href":"https:\/\/sihz.hr\/index.php?rest_route=\/wp\/v2\/types\/post"}],"author":[{"embeddable":true,"href":"https:\/\/sihz.hr\/index.php?rest_route=\/wp\/v2\/users\/2"}],"replies":[{"embeddable":true,"href":"https:\/\/sihz.hr\/index.php?rest_route=%2Fwp%2Fv2%2Fcomments&post=4970"}],"version-history":[{"count":1,"href":"https:\/\/sihz.hr\/index.php?rest_route=\/wp\/v2\/posts\/4970\/revisions"}],"predecessor-version":[{"id":4971,"href":"https:\/\/sihz.hr\/index.php?rest_route=\/wp\/v2\/posts\/4970\/revisions\/4971"}],"wp:attachment":[{"href":"https:\/\/sihz.hr\/index.php?rest_route=%2Fwp%2Fv2%2Fmedia&parent=4970"}],"wp:term":[{"taxonomy":"category","embeddable":true,"href":"https:\/\/sihz.hr\/index.php?rest_route=%2Fwp%2Fv2%2Fcategories&post=4970"},{"taxonomy":"post_tag","embeddable":true,"href":"https:\/\/sihz.hr\/index.php?rest_route=%2Fwp%2Fv2%2Ftags&post=4970"}],"curies":[{"name":"wp","href":"https:\/\/api.w.org\/{rel}","templated":true}]}}