{"id":4956,"date":"2016-05-06T14:46:14","date_gmt":"2016-05-06T13:46:14","guid":{"rendered":"http:\/\/www.sihz.hr\/?p=4956"},"modified":"2016-05-06T14:46:14","modified_gmt":"2016-05-06T13:46:14","slug":"06-05-2016-odgodeno-povecanje-dopunskog-dorcic-na-celu-hzzo-a","status":"publish","type":"post","link":"https:\/\/sihz.hr\/?p=4956","title":{"rendered":"06.05.2016. &#8211; Odgo\u0111eno pove\u0107anje dopunskog; Dor\u010di\u0107 na \u010delu HZZO-a"},"content":{"rendered":"<p style=\"text-align: justify;\">Ministar zdravlja Dario Naki\u0107 najavio je odgodu pove\u0107anja dopunskoga zdravstvenog osiguranja, najvjerojatnije do jeseni.<\/p>\n<p>Nismo jo\u0161 donijeli nikakvu kona\u010dnu odluku, ali u ovom trenutku mogu re\u0107i da \u0107emo razmisliti o vremenu dono\u0161enja odluke o pove\u0107anju dopunskog zdravstvenog osiguranja sa 70 na 89 kuna i vremenu kada bi bilo dobro da se krene ako ne ispunimo sve ono \u0161to o\u010dekujemo s racionalizacijom, izjavio je Naki\u0107 u Opatiji gdje sudjeluje na Kongresu Udruge poslodavaca u zdravstvu.<\/p>\n<p>Tatjana Pren\u0111a Trupec dala je ostavku na mjesto ravnateljice HZZO-a. Kako neslu\u017ebeno doznaje HRT, na njezino mjesto dolazi Fedor Dor\u010di\u0107. To Naki\u0107 nije htio potvrditi.Osim toga, ja o tome ne odlu\u010dujem, odlu\u010duje Upravno vije\u0107e, rekao je Naki\u0107.<\/p>\n<p>Ministar zdravlja dodao je kako do poskupljenja police dopunskog osiguranja ne bi do\u0161lo prvog srpnja ve\u0107 malo kasnije.U proceduru pove\u0107anja cijene police dopunskog osiguranja krenuli smo jer smo procijenili da sve na\u0161e mjere racionalizacije ne\u0107e mo\u0107i u potpunosti pomo\u0107i da zakrpamo sve rupe, odnosno da osiguramo financijski stabilan zdravstveni sustav. U me\u0111uvremenu smo razgovarali sa socijalnim partnerima o tim mogu\u0107nostima i svi su se bez iznimke slo\u017eili kako je reforma potrebna, da je sadr\u017eaj prihvatljiv, a osnovne zamjerke bile su o redoslijedu provo\u0111enja odre\u0111enih mjera, rekao je Naki\u0107.<\/p>\n<p>Najava poskupljenja police dopunskog zdravstvenog osiguranja izazvala je veliko nezadovoljstvo u javnosti, pa i u vladaju\u0107oj koaliciji \u010diji se \u010dalan Milivoj \u0160pika(BUZ) otvoreno usprotivio tom potezu, dok je oporbeni HSU uz pomo\u0107 Foruma mladih SDP-a pokrenuo potpisivanje peticije protiv pove\u0107anja cijene police, koju je u dvadesetak dana potpisalo vi\u0161e od 90.000 gra\u0111ana.<\/p>\n<p>Biv\u0161i ministar zdravlja i SDP-ov saborski zastupnik Sini\u0161a Varga rekao je da mogu\u0107a odgoda poskupljenja dopunskog zdravstvenog osiguranja predstavlja veliku pobjedu javnosti i medija, ali i Foruma mladih SDP-a i Hrvatske stranke umirovljenika (HSU) u prikupljanju potpisa za peticiju da se sprije\u010di pove\u0107anje cijene dopunskog zdravstvenog osiguranja.Kao biv\u0161i ministar i potpredsjednik saborskog Odbora za zdravstvo smatram da nema potrebe za pove\u0107anjem cijene dopunskog zdravstvenog osiguranja te da se sve neracionalnosti u u sustavu zdravstva moraju rije\u0161iti unutar Vlade, a ne ih prebacivati na teret gra\u0111ana, kazao je Varga.<\/p>\n<p style=\"text-align: justify; margin: 10px 0 50px 0;\"><em><span style=\"color: #ff0000;\"><a href=\"http:\/\/www.nhs.hr\/novosti\/odgodeno_povecanje_dopunskog_dorcic_na_celu_hzzo-a_38680\/\" target=\"_blank\"><span style=\"color: #ff0000;\"><strong>IZVOR<\/strong><\/span><\/a><\/span><\/em><\/p>\n\n","protected":false},"excerpt":{"rendered":"<p>Ministar zdravlja Dario Naki\u0107 najavio je odgodu pove\u0107anja dopunskoga zdravstvenog osiguranja, najvjerojatnije do jeseni. Nismo jo\u0161 donijeli nikakvu kona\u010dnu odluku, ali u ovom trenutku mogu re\u0107i da \u0107emo razmisliti o vremenu dono\u0161enja odluke o pove\u0107anju dopunskog zdravstvenog osiguranja sa 70 na 89 kuna i vremenu kada bi bilo dobro da se krene ako ne ispunimo [&hellip;]<\/p>\n","protected":false},"author":2,"featured_media":0,"comment_status":"closed","ping_status":"closed","sticky":false,"template":"","format":"standard","meta":{"_links_to":"","_links_to_target":""},"categories":[22],"tags":[32],"_links":{"self":[{"href":"https:\/\/sihz.hr\/index.php?rest_route=\/wp\/v2\/posts\/4956"}],"collection":[{"href":"https:\/\/sihz.hr\/index.php?rest_route=\/wp\/v2\/posts"}],"about":[{"href":"https:\/\/sihz.hr\/index.php?rest_route=\/wp\/v2\/types\/post"}],"author":[{"embeddable":true,"href":"https:\/\/sihz.hr\/index.php?rest_route=\/wp\/v2\/users\/2"}],"replies":[{"embeddable":true,"href":"https:\/\/sihz.hr\/index.php?rest_route=%2Fwp%2Fv2%2Fcomments&post=4956"}],"version-history":[{"count":1,"href":"https:\/\/sihz.hr\/index.php?rest_route=\/wp\/v2\/posts\/4956\/revisions"}],"predecessor-version":[{"id":4959,"href":"https:\/\/sihz.hr\/index.php?rest_route=\/wp\/v2\/posts\/4956\/revisions\/4959"}],"wp:attachment":[{"href":"https:\/\/sihz.hr\/index.php?rest_route=%2Fwp%2Fv2%2Fmedia&parent=4956"}],"wp:term":[{"taxonomy":"category","embeddable":true,"href":"https:\/\/sihz.hr\/index.php?rest_route=%2Fwp%2Fv2%2Fcategories&post=4956"},{"taxonomy":"post_tag","embeddable":true,"href":"https:\/\/sihz.hr\/index.php?rest_route=%2Fwp%2Fv2%2Ftags&post=4956"}],"curies":[{"name":"wp","href":"https:\/\/api.w.org\/{rel}","templated":true}]}}