{"id":4942,"date":"2016-05-02T14:52:21","date_gmt":"2016-05-02T13:52:21","guid":{"rendered":"http:\/\/www.sihz.hr\/?p=4942"},"modified":"2016-05-02T14:52:21","modified_gmt":"2016-05-02T13:52:21","slug":"02-05-2016-%e2%80%9ctreba-izaci-na-prosvjede-a-ne-doma-iz-fotelje-navijati-za-promjene%e2%80%9d","status":"publish","type":"post","link":"https:\/\/sihz.hr\/?p=4942","title":{"rendered":"02.05.2016. &#8211; \u201cTreba iza\u0107i na prosvjede, a ne doma iz fotelje navijati za promjene\u201d"},"content":{"rendered":"<p>Kre\u0161imir Sever: U Hrvatskoj 80.000 radnika radi za minimalac, 20.000 njih radi bez pla\u0107e, velika je brojka blokiranih, mirovine su niske, zagovara se rad na odre\u0111eno vrijeme, relativizira se rad, brojke nezaposlenih mladih ljudi dvostruko su nam ve\u0107e od europskih. Kod nas je to 49 posto a u Europskoj uniji je malo vi\u0161e od 22<\/p>\n<p>Razgovarala: Snje\u017eana Kratz<\/p>\n<p>O tome gdje je odrastao, kome je ostao vjeran, za\u0161to po gradu pje\u0161a\u010di i na \u0161to ga je nagovorio pokojni \u017eupnik Franjo Jurak, ZG-magazinu je ispri\u010dao Kre\u0161imir Sever, predsjednik Nezavisnih hrvatskih sindikata (NHS). Otkrio je kakav je polo\u017eaj hrvatskog radni\u0161tva, \u0161to nam je donio liberalni kapitalizam, vodi li sve revoluciji i kako su organizirali ovogodi\u0161nju prvomajsku povorku pod sloganom \u00bbLjudi ispred profita\u00ab.<\/p>\n<div>\n<p>&nbsp;<\/p>\n<p><strong>Za\u0161to volite Zagreb?<\/strong><\/p>\n<p>Volim ga jer sam tu ro\u0111en. Da ne zvu\u010di pateti\u010dno \u2013 u srcu mi je.<\/p>\n<p>&nbsp;<\/p>\n<p><strong>U kojem ste kvartu odrastali?<\/strong><\/p>\n<p>Moji su nekada \u017eivjeli iza Dinamovog stadiona pa sam taj kvart jo\u0161 kao dijete zamijenio Trnjem odnosno stanovanjem kod tre\u0161njeva\u010dkog placa. S nepunih \u010detiri godine doselili smo u Pongra\u010devo gdje \u017eivim i danas u obiteljskoj ku\u0107i.<\/p>\n<p>&nbsp;<\/p>\n<p><strong>Pongra\u010devo pripada Tre\u0161njevci \u2013 sjever?<\/strong><\/p>\n<p>Da, ome\u0111eno je s jedne strane potokom \u010crnomerec, Ozaljskom, Stubi\u010dkom odnosno Selskom ulicom.<\/p>\n<p>&nbsp;<\/p>\n<p><strong>Kakav je danas taj kvart?<\/strong><\/p>\n<p>To je bio, i jo\u0161 uvijek je dijelom kvart malih obiteljskih ku\u0107a. Njegov je to prepoznatljivi znak, kao \u0161to su to danas i tamo izniknute stambene zgrade, ali na sre\u0107u nisu zbijene jedna do druge. Lijep je taj dio Tre\u0161njevke, to vi\u0161e jer se preko puta tamo\u0161nje crkve odnosno negda\u0161nje vojarne, gradi park Kate \u0160olji\u0107 pa \u0107e to biti lijep gradski detalj kompletnoj tre\u0161njeva\u010dkoj vizuri. Puno me sje\u0107anja ve\u017ee uz taj kvart. Jo\u0161 dok sam svojedobno radio u nekada\u0161njem SDK (Slu\u017eba dru\u0161tvenog knjigovodstva) ukazala mi se pogodnost uzeti kredit kojim sam bio kupio stan na Male\u0161nici.<\/p>\n<p>&nbsp;<\/p>\n<p><strong>Odselili ste se tamo?<\/strong><\/p>\n<p>Ne, iako sam imao to novo mjesto za \u017eivot , nisam se tamo odselio. Stan sam kasnije prodao i pro\u0161irio obiteljsku ku\u0107u.<\/p>\n<p>&nbsp;<\/p>\n<p><strong>Ostali ste vjerni \u2026<\/strong><\/p>\n<p>Kvartu u kojem sam odrastao. Jo\u0161 uvijek su mi tu i neki prijatelji iz djetinjstva, oni koji su tako\u0111er ostali vjerni kvartu. Neki su ve\u0107 i pokojni.<\/p>\n<p>&nbsp;<\/p>\n<p><strong>U Tre\u0161njevci, ali i Zagrebu u\u017eivate pje\u0161a\u010de\u0107i? Nemate automobil?<\/strong><\/p>\n<p>Ne, ne znam voziti i nemam auto, ali ima ga moja supruga Tanja.<\/p>\n<p>&nbsp;<\/p>\n<p><strong>Psihologinja?<\/strong><\/p>\n<p>Da, psihologinja kojoj je auto dio posla. Ona ima svoj psiholo\u0161ki centar i kredit \u2026<\/p>\n<p>&nbsp;<\/p>\n<p><strong>Koji \u0107e vra\u0107ati?<\/strong><\/p>\n<p>Sedamnaest godina.<\/p>\n<p>&nbsp;<\/p>\n<p><strong>Vi se zna\u010di s automobilom ne morate optere\u0107ivati?<\/strong><\/p>\n<p>Za sve \u0161to trebam obavljati uglavnom koristim javni prijevoz. Imam godi\u0161nju pokaznu kartu.<\/p>\n<p>&nbsp;<\/p>\n<p><strong>Puno pje\u0161a\u010dite pa i \u017eivite zdravo?<\/strong><\/p>\n<p>Kako sam u tom smislu \u017eivio nekad, tako \u017eivim i danas. To \u0161to sam predsjednik NHS \u2013a ni\u0161ta ne zna\u010di i ne mora se u praksi dogoditi ona rimska izreka \u00bb\u2026 \u010dasti mijenjaju obi\u010daje\u00ab. Nisam nikada osje\u0107ao poriv da vozim auto ili pola\u017eem voza\u010dki. I to mi nije ni\u0161ta \u010dudno i neshvatljivo. Jo\u0161 sam isti onaj de\u010dko iz Pongra\u010deva\u2026 Dodu\u0161e, nisam vi\u0161e de\u010dko.<\/p>\n<p>&nbsp;<\/p>\n<p><strong>Ali ste sindikalno anga\u017eirani. Kada je intenzivnije krenuo taj va\u0161 put?<\/strong><\/p>\n<p>Do 90-tih godina nisam se bavio takvim radom. Zapravo me 1991. godine nemalo socijalno osvije\u0161teni \u017eupnik, pokojni Franjo Jurak nagovorio na takve aktivnosti. Bio je to silan \u010dovjek poznat po ekumenskom radu, mnogo je pomagao ljudima. Sje\u0107am se, jednom ga je besku\u0107nik do\u0161ao tra\u017eiti ne\u0161to hrane, a vidjev\u0161i u kakvoj je odje\u0107i \u010dovjek pristigao, \u017eupnik mu je dao i svoj baloner. Nedavno je objavljena i knjiga njegovih svjedo\u010denja.<\/p>\n<p>&nbsp;<\/p>\n<p><strong>Kakva su va\u0161a? Kakav je bio polo\u017eaj radnika nekad a kakav je danas?<\/strong><\/p>\n<p>Nije to ba\u0161 usporedivo. Primjerice devedesetih su godina na jednog umirovljenika dolazila tri osiguranika, a danas je omjer 1:1. Europska unija koju smo svi sa \u017eudnjom gledali i i\u0161\u010dekivali je, nije kao ona nekad. Europska je komisija danas stala na stranu krupnog kapitala. Radnika je pozicionirala iza onog \u0161to on stvara.<\/p>\n<p>&nbsp;<\/p>\n<p><strong>Kud to onda vodi? Revoluciji?<\/strong><\/p>\n<p>Ne mogu re\u0107i. Ali sve je vi\u0161e siroma\u0161nih ljudi, izrabljivanih, vidljivo je osiroma\u0161enje naroda u korist krupnog kapitala koji je u potrazi za jeftinijom radnom snagom iselio u Kinu, Banglade\u0161, Afriku\u2026<\/p>\n<p>&nbsp;<\/p>\n<p><strong>Kako se sindikat bori protiv takvog odnosa prema radni\u0161tvu?<\/strong><\/p>\n<p>Internacionalni sindikalni poku\u0161aji u svijetu su jaki, ali treba jo\u0161 ja\u010dih zajedni\u010dkih akcija. Njih nema, osim odre\u0111enih \u00bbblagdanskih\u00ab dana u godini. Treba ja\u010dati sindikalne pokrete u mati\u010dnim zemljama, a ne se bunit(i) od ku\u0107e iz fotelja! Treba iza\u0107i na prosvjede a ne treba od doma navijati, jer za promjene nam ne trebaju navija\u010di kriti\u010dari. Problem je \u0161to na\u0161i ljudi nemaju naviku prosvjedovanja. Mnogi su ve\u0107 u startu uvjereni da se ni\u0161ta ne mo\u017ee i ne\u0107e promijeniti. Trebaju razmisliti da ne bude po onoj \u00bbkad su njih odvodili mi smo \u0161utjeli, a sada kada nas odvode, za nas nema tko glas (po)di\u0107i\u00ab. Na\u0161i su ljudi solidarni kada je rije\u010d o humanitarnim akcijama. Imaju tu notu empatije, ali kada treba javno iza\u0107i, pokazati onda je strah i besmisao to \u0161to odlu\u010duje. Razmi\u0161ljanje da se ni\u0161ta ne\u0107e promijeniti.<\/p>\n<p>&nbsp;<\/p>\n<p><strong>Kako komentirate najavljena poskupljenja, dopunskog zdravstvenog osiguranja, participacije\u2026?<\/strong><\/p>\n<p>Pove\u0107anje dosada\u0161nje participacije 20 posto do dvije tisu\u0107e kuna sko\u010dilo je na 20 posto do tri tisu\u0107e kuna!<\/p>\n<p>&nbsp;<\/p>\n<p><strong>A rad do 67 godine?<\/strong><\/p>\n<p>Reguliranje mirovinskog sustava nije u ovlasti Europske komisije ve\u0107 zemalja \u010dlanica. Oni su taj prijedlog podastirali jo\u0161 pro\u0161loj vladi ali ova ga je prihvatila. Rad do 67 godine? Kako ? Pa hrvatski gra\u0111ani u odnosu na one u Europskoj uniji ve\u0107 \u017eive kra\u0107e!<\/p>\n<p>&nbsp;<\/p>\n<p><strong>Pa \u0161to onda \u010diniti, kakva je poruka?<\/strong><\/p>\n<p>Neka iza\u0111u pod prvomajsku sindikalnu poruku i priklju\u010de se u kolonu pod sloganom \u00bbljudi ispred profita!\u00ab. Prvi maj je blagdan rada kada se slavi \u010dovjek, jedino svjesno bi\u0107e koje svjesnim djelovanjem stvara nove vrijednosti, on je sukreator svijeta. Danas je taj \u010dovjek i radnik iza stvorenog odnosno profit je ispred njega! U tome treba uspostaviti ravnote\u017eu da ne bude onaj koji je ne\u0161to stvorio iza onog \u0161to je stvoreno.<\/p>\n<p>&nbsp;<\/p>\n<p><strong>Kakva je budu\u0107nost hrvatskog radni\u0161tva?<\/strong><\/p>\n<p>Sve je gora! Pa 80.000 radnika radi za minimalac, 20.000 njih radi bez pla\u0107e, velika je brojka blokiranih, mirovine su niske, zagovara se rad na odre\u0111eno vrijeme, relativizira se rad, brojke nezaposlenih mladih ljudi dvostruko su nam ve\u0107e od europskih. Kod nas je to 49 posto a u Europskoj uniji je malo vi\u0161e od 22.<\/p>\n<p>&nbsp;<\/p>\n<p><strong>\u0160to nam je to donio liberalni kapitalizam? Mnogi ga se dr\u017ee.<\/strong><\/p>\n<p>Jedno je imati liberalnu misao u dru\u0161tvenim kretanjima a drugo \u017eivjeti ga u sistemu gdje je kapital prakti\u010dno oslobo\u0111en od svakog utjecaja dr\u017eave i njemu je sve podre\u0111eno.<\/p>\n<p>&nbsp;<\/p>\n<p><strong>Kako ste organizirali ovogodi\u0161nju prvomajsku povorku?<\/strong><\/p>\n<p>Sa Kre\u0161imirovog trga prosvjedna povorka sindikalnih povjerenika i aktivista kre\u0107e u Maksimir u 10,30 sati na mjesto stogodi\u0161nje tradicionalne proslave 1. svibnja. Volio bih se iznenaditi ali na \u017ealost ne ra\u010dunam na ve\u0107i odaziv ljudi.<\/p>\n<p>&nbsp;<\/p>\n<p><strong>Ka\u017eu bit \u0107e lo\u0161e vrijeme.<\/strong><\/p>\n<p>Nek uzmu ki\u0161obrane i kabanice.<\/p>\n<p>&nbsp;<\/p>\n<p><strong>Jeste pripremali kakav grah za sudionike, posjetitelje?<\/strong><\/p>\n<p>Ne, to je Grad Zagreb uprili\u010dio.<\/p>\n<p>&nbsp;<\/p>\n<p><strong>Ho\u0107ete li vi oti\u0107i na porciju graha?<\/strong><\/p>\n<p>To je tradicija.<\/p>\n<p>&nbsp;<\/p>\n<p><strong>Mislite da mnogi do\u0111u samo zbog toga?<\/strong><\/p>\n<p>Ima i toga.<\/p>\n<p>&nbsp;<\/p>\n<p><strong>Kakav vam je rodni grad danas? Grad po mjeri \u010dovjeka, sve vi\u0161e besku\u0107nika, osiroma\u0161enih ili \u2026?<\/strong><\/p>\n<p>U Zagrebu se svakako lak\u0161e \u017eivi nego u ostatku Hrvatske. Tu je i prosje\u010dna pla\u0107a ve\u0107a od ostatka zemlje ali ni Zagreb nije li\u0161en bezna\u0111a, odlaska mladih\u2026 Znate, najve\u0107i grijeh politike kako lijeve tako i desne jest \u0161to su svojim pona\u0161anjem i djelovanjem otjerali ljude u apatiju! Grijeh je to politi\u010dkih elita.<\/p>\n<p>&nbsp;<\/p>\n<p><strong>Koja je poruka za kraj?<\/strong><\/p>\n<p>Pozvati Zagrep\u010dane i ostale da se solidariziraju i iza\u0111u na prvomajske prosvjede. Neka do\u0111u i poka\u017eu da su im najavljene mirovinske, zdravstvene i druge reforme va\u017ene i neprihvatljive.<\/p>\n<p>&nbsp;<\/p>\n<\/div>\n<p style=\"text-align: justify; margin: 10px 0 50px 0;\"><em><span style=\"color: #ff0000;\"><a href=\"http:\/\/www.nhs.hr\/novosti\/treba_izaci_na_prosvjede_a_ne_doma_iz_fotelje_navijati_za_promjene_38670\/\" target=\"_blank\"><span style=\"color: #ff0000;\"><strong>IZVOR<\/strong><\/span><\/a><\/span><\/em><\/p>\n\n","protected":false},"excerpt":{"rendered":"<p>Kre\u0161imir Sever: U Hrvatskoj 80.000 radnika radi za minimalac, 20.000 njih radi bez pla\u0107e, velika je brojka blokiranih, mirovine su niske, zagovara se rad na odre\u0111eno vrijeme, relativizira se rad, brojke nezaposlenih mladih ljudi dvostruko su nam ve\u0107e od europskih. Kod nas je to 49 posto a u Europskoj uniji je malo vi\u0161e od 22 [&hellip;]<\/p>\n","protected":false},"author":2,"featured_media":0,"comment_status":"closed","ping_status":"closed","sticky":false,"template":"","format":"standard","meta":{"_links_to":"","_links_to_target":""},"categories":[22],"tags":[32],"_links":{"self":[{"href":"https:\/\/sihz.hr\/index.php?rest_route=\/wp\/v2\/posts\/4942"}],"collection":[{"href":"https:\/\/sihz.hr\/index.php?rest_route=\/wp\/v2\/posts"}],"about":[{"href":"https:\/\/sihz.hr\/index.php?rest_route=\/wp\/v2\/types\/post"}],"author":[{"embeddable":true,"href":"https:\/\/sihz.hr\/index.php?rest_route=\/wp\/v2\/users\/2"}],"replies":[{"embeddable":true,"href":"https:\/\/sihz.hr\/index.php?rest_route=%2Fwp%2Fv2%2Fcomments&post=4942"}],"version-history":[{"count":1,"href":"https:\/\/sihz.hr\/index.php?rest_route=\/wp\/v2\/posts\/4942\/revisions"}],"predecessor-version":[{"id":4943,"href":"https:\/\/sihz.hr\/index.php?rest_route=\/wp\/v2\/posts\/4942\/revisions\/4943"}],"wp:attachment":[{"href":"https:\/\/sihz.hr\/index.php?rest_route=%2Fwp%2Fv2%2Fmedia&parent=4942"}],"wp:term":[{"taxonomy":"category","embeddable":true,"href":"https:\/\/sihz.hr\/index.php?rest_route=%2Fwp%2Fv2%2Fcategories&post=4942"},{"taxonomy":"post_tag","embeddable":true,"href":"https:\/\/sihz.hr\/index.php?rest_route=%2Fwp%2Fv2%2Ftags&post=4942"}],"curies":[{"name":"wp","href":"https:\/\/api.w.org\/{rel}","templated":true}]}}